{"id":22386,"date":"2020-06-19T21:41:18","date_gmt":"2020-06-19T19:41:18","guid":{"rendered":"http:\/\/ecolesainteanne-plouguin.fr\/?p=22386"},"modified":"2020-06-19T21:41:18","modified_gmt":"2020-06-19T19:41:18","slug":"sainte-anne-obtient-le-label-eco-ecole","status":"publish","type":"post","link":"http:\/\/ecolesainteanne-plouguin.fr\/?p=22386","title":{"rendered":"Sainte-Anne obtient le Label Eco-Ecole !"},"content":{"rendered":"<p>Depuis septembre, notre \u00e9tablissement a rejoint le mouvement Eco-Ecole.<\/p>\n<p>L&rsquo;objectif ? Faire \u00e9voluer les pratiques et les connaissances de nos \u00e9l\u00e8ves, de leurs familles mais \u00e9galement de l&rsquo;\u00e9cole sur un th\u00e8me pr\u00e9cis. Cette ann\u00e9e, l&rsquo;\u00e9quipe a choisi de se focaliser sur les d\u00e9chets.<\/p>\n<p>Apr\u00e8s un d\u00e9but d&rsquo;ann\u00e9e men\u00e9 tambour battant (et malgr\u00e9 le confinement), nous avons rempli le dossier de demande de labellisation avec l&rsquo;espoir d&rsquo;obtenir d\u00e8s notre premi\u00e8re ann\u00e9e le label officiel.<\/p>\n<p>C&rsquo;est avec un grand bonheur que nous avons appris que le jury nous l&rsquo;avait accord\u00e9. En Bretagne, seuls 30 \u00e9tablissements (\u00e9cole, coll\u00e8ge et lyc\u00e9e) ont obtenu cette ann\u00e9e leur premi\u00e8re labellisation. C&rsquo;est une reconnaissance officielle de la qualit\u00e9 de ce qui a \u00e9t\u00e9 imagin\u00e9 et v\u00e9cu avec nos \u00e9l\u00e8ves et l&rsquo;\u00e9quipe en est fi\u00e8re.<\/p>\n<p>Les actions annul\u00e9es depuis mars seront r\u00e9alis\u00e9es l&rsquo;an prochain.<\/p>\n<p>Appr\u00e9ciations du jury :<\/p>\n<p align=\"JUSTIFY\"><i>Nous avons le plaisir de vous informer que le jury Eco-Ecole a accord\u00e9 la label \u00e0 votre \u00e9tablissement scolaire pour le projet qui a \u00e9t\u00e9 mis en place cette ann\u00e9e.<\/i><\/p>\n<p align=\"JUSTIFY\"><i>Il tient \u00e0 vous f\u00e9liciter pour la qualit\u00e9 de votre projet pour cette premi\u00e8re ann\u00e9e de labellisation sur le th\u00e8me des d\u00e9chets. Il a particuli\u00e8rement appr\u00e9ci\u00e9\u00a0:<\/i><\/p>\n<ul>\n<li>\n<p align=\"JUSTIFY\"><i>la compl\u00e9mentarit\u00e9 entre vos actions concr\u00e8tes et les diff\u00e9rents supports et activit\u00e9s de sensibilisation d\u00e9velopp\u00e9s (nettoyage de la plage et du stade de football, visite du centre de tri, changement des fournitures scolaires). Cette compl\u00e9mentarit\u00e9 a offert aux \u00e9l\u00e8ves une exp\u00e9rience de mise en \u0153uvre du d\u00e9veloppement durable dans leur environnement proche. L&rsquo;ensemble des participants a pu s&rsquo;investir et prendre le temps de saisir l&rsquo;importance et la complexit\u00e9 des enjeux li\u00e9s au th\u00e8me choisi.<\/i><\/p>\n<\/li>\n<li>\n<p align=\"JUSTIFY\"><i>La prise de conscience des \u00e9l\u00e8ves sur les sujets abord\u00e9s. Le soin avec lequel ils se sont impliqu\u00e9s dans le projet leur a permis d&rsquo;int\u00e9grer de nouveaux savoirs, tout en d\u00e9veloppant leur conscience citoyenne.<\/i><\/p>\n<\/li>\n<\/ul>\n<p>\u00a0<\/p>\n<figure class=\"wp-block-image\"><img loading=\"lazy\" width=\"1024\" height=\"575\" src=\"http:\/\/ecolesainteanne-plouguin.fr\/wp-content\/uploads\/2020\/06\/photo-drapeau-\u00e9co-\u00e9cole-1-1024x575.jpg\" alt=\"\" class=\"wp-image-22390\" srcset=\"http:\/\/ecolesainteanne-plouguin.fr\/wp-content\/uploads\/2020\/06\/photo-drapeau-\u00e9co-\u00e9cole-1-1024x575.jpg 1024w, http:\/\/ecolesainteanne-plouguin.fr\/wp-content\/uploads\/2020\/06\/photo-drapeau-\u00e9co-\u00e9cole-1-300x168.jpg 300w, http:\/\/ecolesainteanne-plouguin.fr\/wp-content\/uploads\/2020\/06\/photo-drapeau-\u00e9co-\u00e9cole-1-768x431.jpg 768w, http:\/\/ecolesainteanne-plouguin.fr\/wp-content\/uploads\/2020\/06\/photo-drapeau-\u00e9co-\u00e9cole-1.jpg 2048w\" sizes=\"(max-width: 1024px) 100vw, 1024px\" \/><\/figure>\n<figure class=\"wp-block-image\"><img loading=\"lazy\" width=\"539\" height=\"960\" src=\"http:\/\/ecolesainteanne-plouguin.fr\/wp-content\/uploads\/2020\/06\/dipl\u00f4me-\u00e9co-\u00e9cole.jpg\" alt=\"\" class=\"wp-image-22391\" srcset=\"http:\/\/ecolesainteanne-plouguin.fr\/wp-content\/uploads\/2020\/06\/dipl\u00f4me-\u00e9co-\u00e9cole.jpg 539w, http:\/\/ecolesainteanne-plouguin.fr\/wp-content\/uploads\/2020\/06\/dipl\u00f4me-\u00e9co-\u00e9cole-168x300.jpg 168w, http:\/\/ecolesainteanne-plouguin.fr\/wp-content\/uploads\/2020\/06\/dipl\u00f4me-\u00e9co-\u00e9cole-300x534.jpg 300w\" sizes=\"(max-width: 539px) 100vw, 539px\" \/><\/figure>\n<figure class=\"wp-block-image\"><img loading=\"lazy\" width=\"1024\" height=\"575\" src=\"http:\/\/ecolesainteanne-plouguin.fr\/wp-content\/uploads\/2020\/06\/drapeau-\u00e9co-\u00e9cole-1024x575.jpg\" alt=\"\" class=\"wp-image-22392\" srcset=\"http:\/\/ecolesainteanne-plouguin.fr\/wp-content\/uploads\/2020\/06\/drapeau-\u00e9co-\u00e9cole-1024x575.jpg 1024w, http:\/\/ecolesainteanne-plouguin.fr\/wp-content\/uploads\/2020\/06\/drapeau-\u00e9co-\u00e9cole-300x168.jpg 300w, http:\/\/ecolesainteanne-plouguin.fr\/wp-content\/uploads\/2020\/06\/drapeau-\u00e9co-\u00e9cole-768x431.jpg 768w, http:\/\/ecolesainteanne-plouguin.fr\/wp-content\/uploads\/2020\/06\/drapeau-\u00e9co-\u00e9cole.jpg 2048w\" sizes=\"(max-width: 1024px) 100vw, 1024px\" \/><\/figure>\n","protected":false},"excerpt":{"rendered":"<p>Depuis septembre, notre \u00e9tablissement a rejoint le mouvement Eco-Ecole. L&rsquo;objectif ? Faire \u00e9voluer les pratiques et les connaissances de nos \u00e9l\u00e8ves, de leurs familles mais \u00e9galement de l&rsquo;\u00e9cole sur un th\u00e8me pr\u00e9cis. Cette ann\u00e9e, l&rsquo;\u00e9quipe a choisi de se focaliser sur les d\u00e9chets. Apr\u00e8s un d\u00e9but d&rsquo;ann\u00e9e men\u00e9 tambour battant (et malgr\u00e9 le confinement), nous&#8230;<\/p>\n","protected":false},"author":5,"featured_media":0,"comment_status":"closed","ping_status":"open","sticky":false,"template":"","format":"standard","meta":{"ngg_post_thumbnail":0},"categories":[32],"tags":[],"jetpack_featured_media_url":"","_links":{"self":[{"href":"http:\/\/ecolesainteanne-plouguin.fr\/index.php?rest_route=\/wp\/v2\/posts\/22386"}],"collection":[{"href":"http:\/\/ecolesainteanne-plouguin.fr\/index.php?rest_route=\/wp\/v2\/posts"}],"about":[{"href":"http:\/\/ecolesainteanne-plouguin.fr\/index.php?rest_route=\/wp\/v2\/types\/post"}],"author":[{"embeddable":true,"href":"http:\/\/ecolesainteanne-plouguin.fr\/index.php?rest_route=\/wp\/v2\/users\/5"}],"replies":[{"embeddable":true,"href":"http:\/\/ecolesainteanne-plouguin.fr\/index.php?rest_route=%2Fwp%2Fv2%2Fcomments&post=22386"}],"version-history":[{"count":3,"href":"http:\/\/ecolesainteanne-plouguin.fr\/index.php?rest_route=\/wp\/v2\/posts\/22386\/revisions"}],"predecessor-version":[{"id":22393,"href":"http:\/\/ecolesainteanne-plouguin.fr\/index.php?rest_route=\/wp\/v2\/posts\/22386\/revisions\/22393"}],"wp:attachment":[{"href":"http:\/\/ecolesainteanne-plouguin.fr\/index.php?rest_route=%2Fwp%2Fv2%2Fmedia&parent=22386"}],"wp:term":[{"taxonomy":"category","embeddable":true,"href":"http:\/\/ecolesainteanne-plouguin.fr\/index.php?rest_route=%2Fwp%2Fv2%2Fcategories&post=22386"},{"taxonomy":"post_tag","embeddable":true,"href":"http:\/\/ecolesainteanne-plouguin.fr\/index.php?rest_route=%2Fwp%2Fv2%2Ftags&post=22386"}],"curies":[{"name":"wp","href":"https:\/\/api.w.org\/{rel}","templated":true}]}}