{"id":22395,"date":"2020-07-08T20:23:53","date_gmt":"2020-07-08T18:23:53","guid":{"rendered":"http:\/\/ecolesainteanne-plouguin.fr\/?p=22395"},"modified":"2020-07-08T20:23:53","modified_gmt":"2020-07-08T18:23:53","slug":"capsule-temporelle-2020-rendez-vous-est-donne-aux-cm2","status":"publish","type":"post","link":"https:\/\/ecolesainteanne-plouguin.fr\/?p=22395","title":{"rendered":"Capsule temporelle 2020 : rendez-vous est donn\u00e9 aux CM2 !"},"content":{"rendered":"<p>Devenue une tradition attendue par les \u00e9l\u00e8ves de CM2, la d\u00e9sormais fameuse capsule temporelle a \u00e9t\u00e9 ferm\u00e9e vendredi 3 juillet et plac\u00e9e dans le grenier. Elle y a rejoint les capsules des promotions 2018 et 2019 de CM2.<\/p>\n<p>Principe de la capsule temporelle : chaque \u00e9l\u00e8ve de CM2 place, dans une bo\u00eete ou une trousse, photos, portrait chinois, objets et m\u00eame une lettre pour eux-m\u00eames. Ces contenants sont alors d\u00e9pos\u00e9s dans la capsule qui restera ferm\u00e9e pendant cinq longues ann\u00e9es. Les futurs lyc\u00e9ens seront alors invit\u00e9s \u00e0 revenir \u00e0 l&rsquo;\u00e9cole pour l&rsquo;ouvrir et red\u00e9couvrir tous les tr\u00e9sors, souvenirs et petits mots de leur enfance. Nostalgie assur\u00e9e&#8230;<\/p>\n<p>Rendez-vous en juin 2025 !<\/p>\n<p><a href=\"http:\/\/ecolesainteanne-plouguin.fr\/wp-content\/uploads\/2020\/07\/capsule-temporelles-bis-2020.jpg\"><img loading=\"lazy\" class=\"alignnone size-medium wp-image-22396\" src=\"http:\/\/ecolesainteanne-plouguin.fr\/wp-content\/uploads\/2020\/07\/capsule-temporelles-bis-2020-216x300.jpg\" alt=\"\" width=\"216\" height=\"300\" srcset=\"https:\/\/ecolesainteanne-plouguin.fr\/wp-content\/uploads\/2020\/07\/capsule-temporelles-bis-2020-216x300.jpg 216w, https:\/\/ecolesainteanne-plouguin.fr\/wp-content\/uploads\/2020\/07\/capsule-temporelles-bis-2020-300x417.jpg 300w, https:\/\/ecolesainteanne-plouguin.fr\/wp-content\/uploads\/2020\/07\/capsule-temporelles-bis-2020.jpg 535w\" sizes=\"(max-width: 216px) 100vw, 216px\" \/><\/a> <a href=\"http:\/\/ecolesainteanne-plouguin.fr\/wp-content\/uploads\/2020\/07\/capsule-temporelle-2020.jpg\"><img loading=\"lazy\" class=\"alignnone size-medium wp-image-22397\" src=\"http:\/\/ecolesainteanne-plouguin.fr\/wp-content\/uploads\/2020\/07\/capsule-temporelle-2020-300x197.jpg\" alt=\"\" width=\"300\" height=\"197\" srcset=\"https:\/\/ecolesainteanne-plouguin.fr\/wp-content\/uploads\/2020\/07\/capsule-temporelle-2020-300x197.jpg 300w, https:\/\/ecolesainteanne-plouguin.fr\/wp-content\/uploads\/2020\/07\/capsule-temporelle-2020.jpg 766w\" sizes=\"(max-width: 300px) 100vw, 300px\" \/><\/a><\/p>\n","protected":false},"excerpt":{"rendered":"<p>Devenue une tradition attendue par les \u00e9l\u00e8ves de CM2, la d\u00e9sormais fameuse capsule temporelle a \u00e9t\u00e9 ferm\u00e9e vendredi 3 juillet et plac\u00e9e dans le grenier. Elle y a rejoint les capsules des promotions 2018 et 2019 de CM2. Principe de la capsule temporelle : chaque \u00e9l\u00e8ve de CM2 place, dans une bo\u00eete ou une trousse,&#8230;<\/p>\n","protected":false},"author":5,"featured_media":0,"comment_status":"closed","ping_status":"open","sticky":false,"template":"","format":"standard","meta":{"ngg_post_thumbnail":0},"categories":[1],"tags":[],"jetpack_featured_media_url":"","_links":{"self":[{"href":"https:\/\/ecolesainteanne-plouguin.fr\/index.php?rest_route=\/wp\/v2\/posts\/22395"}],"collection":[{"href":"https:\/\/ecolesainteanne-plouguin.fr\/index.php?rest_route=\/wp\/v2\/posts"}],"about":[{"href":"https:\/\/ecolesainteanne-plouguin.fr\/index.php?rest_route=\/wp\/v2\/types\/post"}],"author":[{"embeddable":true,"href":"https:\/\/ecolesainteanne-plouguin.fr\/index.php?rest_route=\/wp\/v2\/users\/5"}],"replies":[{"embeddable":true,"href":"https:\/\/ecolesainteanne-plouguin.fr\/index.php?rest_route=%2Fwp%2Fv2%2Fcomments&post=22395"}],"version-history":[{"count":2,"href":"https:\/\/ecolesainteanne-plouguin.fr\/index.php?rest_route=\/wp\/v2\/posts\/22395\/revisions"}],"predecessor-version":[{"id":22399,"href":"https:\/\/ecolesainteanne-plouguin.fr\/index.php?rest_route=\/wp\/v2\/posts\/22395\/revisions\/22399"}],"wp:attachment":[{"href":"https:\/\/ecolesainteanne-plouguin.fr\/index.php?rest_route=%2Fwp%2Fv2%2Fmedia&parent=22395"}],"wp:term":[{"taxonomy":"category","embeddable":true,"href":"https:\/\/ecolesainteanne-plouguin.fr\/index.php?rest_route=%2Fwp%2Fv2%2Fcategories&post=22395"},{"taxonomy":"post_tag","embeddable":true,"href":"https:\/\/ecolesainteanne-plouguin.fr\/index.php?rest_route=%2Fwp%2Fv2%2Ftags&post=22395"}],"curies":[{"name":"wp","href":"https:\/\/api.w.org\/{rel}","templated":true}]}}