{"id":22930,"date":"2021-06-01T08:36:56","date_gmt":"2021-06-01T06:36:56","guid":{"rendered":"http:\/\/ecolesainteanne-plouguin.fr\/?p=22930"},"modified":"2021-06-01T08:36:56","modified_gmt":"2021-06-01T06:36:56","slug":"rencontre-avec-soeur-marie-therese-ancienne-eleve-de-lecole-sainte-anne","status":"publish","type":"post","link":"https:\/\/ecolesainteanne-plouguin.fr\/?p=22930","title":{"rendered":"Rencontre avec S\u0153ur Marie-Th\u00e9r\u00e8se, ancienne \u00e9l\u00e8ve de l&rsquo;\u00e9cole Sainte-Anne"},"content":{"rendered":"<p>S\u0153ur Marie-Th\u00e9r\u00e8se<span style=\"color: #000000;\"> est<\/span> religieuse et a \u00e9t\u00e9 enseignante. Nous l&rsquo;avons accueillie avec un grand plaisir pour qu&rsquo;elle nous parle du temps o\u00f9 elle \u00e9tait \u00e9l\u00e8ve dans notre \u00e9cole, c&rsquo;est-\u00e0-dire de 1942 \u00e0 1948.<\/p>\n<p>Son d\u00e9but de scolarit\u00e9 a donc \u00e9t\u00e9 v\u00e9cu sous l&rsquo;occupation allemande.<\/p>\n<p>Les \u00e9l\u00e8ves de CM1 et CM2 avaient pr\u00e9par\u00e9 beaucoup de questions \u00e0 son intention, S\u0153ur Marie-Th\u00e9r\u00e8se est rest\u00e9e plus d&rsquo;une heure en classe \u00e0 y r\u00e9pondre et \u00e0 nous raconter certains de ses souvenirs d&rsquo;enfance \u00e0 l&rsquo;\u00e9cole Sainte-Anne.<\/p>\n<p>Nous la remercions chaleureusement pour le temps qu&rsquo;elle nous a accord\u00e9 et pour sa disponibilit\u00e9.<\/p>\n<p>Vous trouverez ci-dessous les questions pos\u00e9es par les \u00e9l\u00e8ves, les r\u00e9ponses apport\u00e9es et quelques informations distill\u00e9es au fil de la discussion.<\/p>\n<p>Bonne lecture \u00e0 tous\u00a0!<\/p>\n<p><i>L&rsquo;\u00e9cole Sainte-Anne n&rsquo;\u00e9tait pas mixte, c&rsquo;\u00e9tait une \u00e9cole qui n&rsquo;accueillait que des filles. L&rsquo;\u00e9cole des gar\u00e7ons existait aussi \u00e0 Plouguin \u00e0 l&rsquo;\u00e9poque, c&rsquo;\u00e9tait une \u00e9cole publique. L&rsquo;\u00e9cole priv\u00e9e des gar\u00e7ons, c&rsquo;est-\u00e0 -dire l&rsquo;\u00e9cole Saint-Pierre, n&rsquo;a \u00e9t\u00e9 ouverte qu&rsquo;apr\u00e8s la fin de la guerre. Elle fonctionnait l\u00e0 o\u00f9 se trouvent aujourd&rsquo;hui la salle St Pierre et la biblioth\u00e8que.<\/i><\/p>\n<p><i>Les classes \u00e0 l&rsquo;\u00e9cole Ste Anne \u00e9taient au rez-de- chauss\u00e9e, les dortoirs au premier \u00e9tage pour les plus jeunes et au second \u00e9tage pour les plus grandes (le grenier d&rsquo;aujourd&rsquo;hui).<\/i><\/p>\n<p><u>Sur quoi vous dormiez\u00a0?<\/u><\/p>\n<p><i>Sur des lits d&rsquo;enfants, <span style=\"color: #000000;\">des lits de pensionnat.<\/span><\/i><\/p>\n<p><u>Est-ce que vous aviez des tenues sp\u00e9ciales\u00a0?<\/u><\/p>\n<p><i>Nous n&rsquo;avions pas d&rsquo;uniforme mais tout le monde avait le m\u00eame type de v\u00eatements.<\/i><\/p>\n<p><u>O\u00f9 est-ce que vous mangiez\u00a0?<\/u><\/p>\n<p><i>Il y avait un r\u00e9fectoire o\u00f9 nous prenions les repas, l\u00e0 o\u00f9 sont aujourd&rsquo;hui la garderie et les salles des enseignants.<\/i><\/p>\n<p><u>O\u00f9 est-ce que vous vous laviez\u00a0?<\/u><\/p>\n<p><i>Il y avait un grand et long lavabo dans les dortoirs, pour se laver.<\/i><\/p>\n<p><u>Combien y avait-il de r\u00e9cr\u00e9ations par jour\u00a0?<\/u><\/p>\n<p><i>Il y en avait une dans la matin\u00e9e, une plus longue apr\u00e8s le repas de midi. La classe reprenait l&rsquo;apr\u00e8s midi jusqu&rsquo;\u00e0 16h30. Puis venaient le go\u00fbter et un temps de r\u00e9cr\u00e9ation avant le temps de l&rsquo;\u00e9tude pour les devoirs ou la lecture. Le d\u00eener \u00e9tait \u00e0 19h.<\/i><\/p>\n<p><i>Il n&rsquo;y avait pas de t\u00e9l\u00e9vision, \u00e0 l&rsquo;\u00e9poque, ni non plus de chauffage quand il faisait froid\u00a0! Pour se r\u00e9chauffer, on marchait sur la route vers Kertanguy o\u00f9 les voitures ne nous g\u00eanaient pas car il n&rsquo;y en avait gu\u00e8re \u00e0 Plouguin&#8230;<\/i><\/p>\n<p><i>On se levait, le matin \u00e0 7h\/7h30.<\/i><\/p>\n<p><u>L&rsquo;\u00e9cole en p\u00e9riode de guerre.<\/u><\/p>\n<p><i>Je suis arriv\u00e9e \u00e0 l&rsquo;\u00e9cole en pleine guerre, la France \u00e9tait occup\u00e9e par les arm\u00e9es allemandes. Des r\u00e9giments allemands \u00e9taient tr\u00e8s pr\u00e9sents dans la r\u00e9gion \u00e0 cause de la pr\u00e9sence du port de Brest et de la surveillance de la c\u00f4te .<\/i><\/p>\n<p><i>L&rsquo;\u00e9cole a \u00e9t\u00e9 occup\u00e9e quelque temps par les Allemands, ils ont laiss\u00e9 les dortoirs et le r\u00e9fectoire \u00e0 la disposition des \u00e9l\u00e8ves mais pas les classes qui, elles, \u00e9taient mobilis\u00e9es pour entreposer leur mat\u00e9riel \u2026. Et la cour de l&rsquo;\u00e9cole leur servait de terrain d&rsquo;exercice.<\/i><\/p>\n<p><i>Pendant cette p\u00e9riode, les enfants les plus jeunes travaillaient dans le r\u00e9fectoire.<\/i><\/p>\n<p><i>Les CE occupaient la petite chapelle pr\u00e8s de l&rsquo;\u00e9glise du bourg o\u00f9 les tables de classe avaient \u00e9t\u00e9 transport\u00e9es.<\/i><\/p>\n<p><i>Les plus grandes \u00e9taient dans un hangar qui appartenait au boucher de l&rsquo;\u00e9poque, qui \u00e9tait\u00a0 lui-m\u00eame prisonnier en Allemagne.<\/i><\/p>\n<p><u>Est-ce qu&rsquo;il y avait le droit d&rsquo;appeler les parents\u00a0?<\/u><\/p>\n<p><i>Il n&rsquo;y avait pas de t\u00e9l\u00e9phone, comme aujourd&rsquo;hui\u00a0!<\/i><\/p>\n<p><i>Nous voyions la famille toutes les semaines, le dimanche , avant ou apr\u00e8s la messe&#8230; Les familles venaient nous voir et r\u00e9cup\u00e9rer le linge de rechange et &#8230;apporter le beurre pour mettre sur le pain\u00a0!&#8230;<\/i><\/p>\n<p><u>Combien de temps les Allemands sont rest\u00e9s dans l&rsquo;\u00e9cole\u00a0?<\/u><\/p>\n<p><i>Quelques mois, sans doute&#8230; <\/i><\/p>\n<p><u>Est-ce que votre maison avait \u00e9t\u00e9 prise par les Allemands\u00a0?<\/u><\/p>\n<p><i>Non, mais beaucoup de maisons dans la r\u00e9gion ont accueilli les familles qui avaient fui Brest \u00e0 cause des bombardements. On entendait les explosions de bombes jusqu&rsquo;\u00e0 Plouguin.<\/i><\/p>\n<p><i>Les \u00e9l\u00e8ves, qui \u00e9taient tr\u00e8s nombreuses pendant la p\u00e9riode de la guerre, \u00e9taient originaires surtout de Plouguin mais aussi de Guipronvel, Coat Meal, Tr\u00e9glonou, Tr\u00e9ouergat, un peu de Lanrivoar\u00e9&#8230; Il y en avait m\u00eame de Brest, r\u00e9fugi\u00e9es pour \u00e9chapper aux bombardements.<\/i><\/p>\n<p><u>Est-ce qu&rsquo;il y avait des \u00e9l\u00e8ves juives\u00a0?<\/u><\/p>\n<p><i>Non, je ne pense pas. Mais il y avait une famille r\u00e9fugi\u00e9e d&rsquo;Alsace qui avait fui. Deux filles \u00e9taient avec nous \u00e0 l&rsquo;\u00e9cole.<\/i><\/p>\n<p><u>Comment est-ce que vous rentriez chez vous alors que c&rsquo;\u00e9tait la guerre\u00a0?<\/u><\/p>\n<p><i>Les familles venaient nous chercher en voiture \u00e0 cheval ou on rentrait \u00e0 pied quand on \u00e9tait plus grandes.<\/i><\/p>\n<p><u>Est-ce qu&rsquo;il y avait beaucoup de jours d&rsquo;\u00e9cole par semaine\u00a0?<\/u><\/p>\n<p><i>Il y avait \u00e9cole aussi le samedi et le mercredi.<\/i><\/p>\n<p><i>Le jeudi, pas d&rsquo;\u00e9cole mais il y avait des travaux manuels et de la lecture.<\/i><\/p>\n<p><u>Qu&rsquo;est-ce que vous mangiez\u00a0?<\/u><\/p>\n<p><i>Souvent les familles avaient une ferme. Elles apportaient des pommes de terre, un peu de viande.<\/i><\/p>\n<p><i>A la place du parking, il y avait un champ o\u00f9 poussaient les l\u00e9gumes et il y avait m\u00eame une vache. Un employ\u00e9 trayait la vache pour qu&rsquo;il y ait du lait \u00e0 la cantine\u00a0!<\/i><\/p>\n<p><u>Quel est votre meilleur souvenir \u00e0 l&rsquo;\u00e9cole\u00a0?<\/u><\/p>\n<p><i>Je me souviens des balades scolaires \u00e0 pied \u00e0 la chapelle de Locmajan ou sur les gr\u00e8ves de Saint-Pabu. On pique-niquait sur l&rsquo;herbe, on jouait mais on ne se baignait pas.<\/i><\/p>\n<p><u>Est-ce que la cour a chang\u00e9\u00a0?<\/u><\/p>\n<p><i>Le b\u00e2timent sur le c\u00f4t\u00e9 &#8211; aujourd&rsquo;hui l&rsquo;aile maternelle- a \u00e9t\u00e9 construit apr\u00e8s la guerre&#8230; Il y avait des arbres \u00e0 la place. Et aussi dans la cour.<\/i><\/p>\n<p><i>A cette \u00e9poque, on venait \u00e0 l&rsquo;\u00e9cole \u00e0 partir de 6 ans et on y restait jusqu&rsquo;\u00e0 14 ans\u00a0; il n&rsquo;y avait pas de classe maternelle&#8230;<\/i><\/p>\n<p><i>A l&rsquo;\u00e9cole, comme aujourd&rsquo;hui, on apprenait \u00e0 lire, \u00e9crire, compter et faire des dict\u00e9es, de vraies et longues dict\u00e9es&#8230; On en faisait tr\u00e8s souvent\u00a0!<\/i><\/p>\n<p><i>Ma ma\u00eetresse de CP s&rsquo;appelait Mademoiselle Germaine .<\/i><\/p>\n<p><i>Je parlais Breton mais je n&rsquo;ai pas le souvenir d&rsquo;avoir \u00e9t\u00e9 g\u00ean\u00e9e pour comprendre et apprendre le Fran\u00e7ais. Mademoiselle Germaine \u00e9tait de Plouguin et savait le breton, ce qui a sans doute beaucoup facilit\u00e9 les choses&#8230;<\/i><\/p>\n<p><u>Est-ce que vous savez encore parler Breton\u00a0?<\/u><\/p>\n<p><i>Oui, \u00e7a ne s&rsquo;oublie pas.<\/i><\/p>\n<p><i>Je crois qu&rsquo;une langue qu&rsquo;on a apprise au tout d\u00e9but de sa vie, on ne l&rsquo;oublie jamais.<\/i><\/p>\n<p><i>J&rsquo;ai m\u00eame pass\u00e9 un examen en Breton \u00e0 la facult\u00e9&#8230;<\/i><\/p>\n<p><u>Est-ce qu&rsquo;il y avait des coll\u00e8ges et des lyc\u00e9es\u00a0? <\/u><i> <\/i><\/p>\n<p><i>Oui, mais dans des communes plus grandes ou des villes&#8230;<\/i><\/p>\n<p><i>Pour aller jusqu&rsquo;au bac, pour les filles, il fallait se rendre \u00e0 Brest ou encore plus loin&#8230;<\/i><\/p>\n<p><u>Quel a \u00e9t\u00e9 votre premier m\u00e9tier\u00a0?<\/u><\/p>\n<p><i>Je suis religieuse et j&rsquo;ai \u00e9t\u00e9 enseignante, d&rsquo;abord en Maternelle pendant une ann\u00e9e puis dans des coll\u00e8ges. J&rsquo;y ai enseign\u00e9 le Fran\u00e7ais, l&rsquo;Anglais, l&rsquo;Histoire-G\u00e9ographie.<\/i><\/p>\n<p><i>Puis j&rsquo;ai suivi des \u00e9tudes \u00e0 Paris pour pouvoir enseigner en lyc\u00e9e. J&rsquo;ai alors enseign\u00e9 le Fran\u00e7ais, l&rsquo;Anglais et le Latin. Et puis j&rsquo;ai \u00e9t\u00e9 directrice d&rsquo;un coll\u00e8ge- lyc\u00e9e.<\/i><\/p>\n<p><u>Qui lavait vos v\u00eatements quand vous \u00e9tiez \u00e0 l&rsquo;\u00e9cole\u00a0?<\/u><\/p>\n<p><i>Les familles venaient le dimanche, apr\u00e8s la messe, pour faire l&rsquo;\u00e9change des v\u00eatements.<\/i><\/p>\n<p><u>Est-ce qu&rsquo;il y avait des r\u00e9sistants \u00e0 Plouguin\u00a0?<\/u><\/p>\n<p><i>Oui, il y avait un maquis de r\u00e9sistants, entre autres \u00e0 Tr\u00e9ouergat.<\/i><\/p>\n<p><i>En certains endroits, des r\u00e9sistants ont \u00e9t\u00e9 fusill\u00e9s&#8230;<\/i><\/p>\n<p><u>Est-ce que vous avez vu mourir des gens devant vos yeux\u00a0?<\/u><\/p>\n<p><i>Non, souvent les gens mouraient \u00e0 cause des bombes. Les Allemands n&rsquo;avaient pas le droit de tirer sans raison sur les gens qu&rsquo;ils croisaient, il y a des r\u00e8gles \u00e0 respecter dans la guerre aussi.<\/i><\/p>\n<p><i>Les noms inscrits sur les monuments aux morts des communes sont ceux des personnes du pays tu\u00e9es ou disparues pendant les guerres\u00a0: Premi\u00e8re guerre mondiale, Seconde Guerre mondiale, guerre d&rsquo;Alg\u00e9rie, d&rsquo;Indochine&#8230; <\/i><\/p>\n<p><i>Il y a eu aussi la mobilisation, au moment de la d\u00e9claration de la guerre, des hommes en \u00e2ge de combattre. Parmi eux, plusieurs ont \u00e9t\u00e9 faits prisonniers en Allemagne ou en d&rsquo;autres pays, pour travailler pour ces pays.<\/i><\/p>\n<p><u>Est-ce que vous avez vu un avion exploser\u00a0?<\/u><\/p>\n<p><i>J&rsquo;ai entendu beaucoup d&rsquo;avions survoler la r\u00e9gion. <\/i><i>Un avion a \u00e9t\u00e9 abattu sur la commune de Plouguin, dans la r\u00e9gion des moulins. <\/i><\/p>\n<p><i>C&rsquo;\u00e9tait une \u00e9poque difficile. Il y avait, de temps en temps, les alertes. Quand on savait qu&rsquo;un bombardement allait avoir lieu et qu&rsquo;on ignorait o\u00f9, il y avait la sir\u00e8ne&#8230;<\/i><\/p>\n<p><i>On rejoignait un abri, un genre de \u00ab\u00a0tunnel\u00a0\u00bb au bout du champ derri\u00e8re l&rsquo;\u00e9cole pour se prot\u00e9ger jusqu&rsquo;\u00e0 ce que l&rsquo;alerte soit lev\u00e9e. Le bouche \u00e0 oreille fonctionnait pour alerter, des gens veillaient.<\/i><\/p>\n<p><u>Est-ce que vous avez vu les Am\u00e9ricains\u00a0?<\/u><\/p>\n<p><i>Oui, ils sont arriv\u00e9s \u00e0 la fin du printemps 1944 pour refouler les Allemands.<\/i><\/p>\n<p><i>Ils ont commenc\u00e9 \u00e0 occuper le terrain pour d\u00e9loger l&rsquo;ennemi de ses positions. Ils ont demand\u00e9 \u00e0 \u00eatre h\u00e9berg\u00e9s dans les fermes. Il y a eu un r\u00e9giment de soldats am\u00e9ricains dans la cour de la ferme familiale. Ils nous donnaient des chewing-gums&#8230; <\/i><\/p>\n<p><u>Est-ce que vous alliez souvent dans \u00ab\u00a0l&rsquo;abri- tunnel\u00a0\u00bb ?<\/u><\/p>\n<p><i>Cela s&rsquo;est r\u00e9p\u00e9t\u00e9 plusieurs fois mais apr\u00e8s l&rsquo;arriv\u00e9e des Am\u00e9ricains, \u00e7a s&rsquo;est arr\u00eat\u00e9.<\/i><\/p>\n<p><i>Une fois la guerre termin\u00e9e, les \u00ab\u00a0abris tunnels\u00a0\u00bb ont disparu car ils n&rsquo;\u00e9taient, le plus souvent, que des endroits un peu enterr\u00e9s et cach\u00e9s par des branchages ou des planches pour ne pas \u00eatre rep\u00e9r\u00e9s par les avions&#8230;<\/i><\/p>\n<p><u>Est-ce que des enfants sont morts \u00e0 cause de la guerre\u00a0?<\/u><\/p>\n<p><i>Pas \u00e0 cause de la guerre, \u00e0 Plouguin, \u00e0 ma connaissance. Mais on ne pouvait pas toujours manger comme il fallait, et certains enfants ont contract\u00e9 la tuberculose. C&rsquo;\u00e9tait une maladie difficile \u00e0 soigner, je me souviens d&rsquo;une camarade d&rsquo;\u00e9cole qui en est morte&#8230;<\/i><\/p>\n<p><u>Est-ce que votre papa a fait la guerre\u00a0?<\/u><\/p>\n<p><i>Oui, il a \u00e9t\u00e9 mobilis\u00e9. Il a \u00e9t\u00e9 absent de la maison pendant un bon moment et finalement fait prisonnier dans un camp, en France. Avec un groupe d&rsquo;amis, il a r\u00e9ussi \u00e0 s&rsquo;\u00e9vader d&rsquo;un camp de prisonniers de la r\u00e9gion d&rsquo;Orl\u00e9ans avant d&rsquo; \u00eatre transf\u00e9r\u00e9s en Allemagne.<\/i><\/p>\n<p><i>Ils ont \u00e9t\u00e9 poursuivis mais ont pu finalement rester chez eux. <\/i><\/p>\n<p><u>Le travail \u00e0 la ferme pendant la guerre, c&rsquo;\u00e9tait comment\u00a0?<\/u><\/p>\n<p><i>Pour faire du beurre, on utilisait le lait des vaches et les barattes. Cela se faisait \u00e0 la main, il n&rsquo;y avait pas d&rsquo;\u00e9lectricit\u00e9 \u00e0 la campagne, seulement au bourg.<\/i><\/p>\n<p><i>Les Brestois venaient dans les fermes pour trouver du beurre \u00e0 acheter.<\/i><\/p>\n<p><i>Dans les fermes, il y avait en g\u00e9n\u00e9ral une dizaine de vaches ou quelquefois un peu plus, trois \u00e0 quatre chevaux mais pas de tracteur, bien s\u00fbr &#8230;<\/i><\/p>\n<p><u>Et la ville de Brest\u00a0?<\/u><\/p>\n<p><i>Brest s&rsquo;est beaucoup d\u00e9velopp\u00e9e \u00e0 la reconstruction, les quartiers d&rsquo;aujourd&rsquo;hui \u00e9taient auparavant des communes aux alentours de Brest. A l&rsquo;\u00e9poque, Brest c&rsquo;\u00e9tait surtout le Centre et le port&#8230;<\/i><\/p>\n<p><u>Les blockhaus\u00a0?<\/u><\/p>\n<p><i>Les blockhaus ont \u00e9t\u00e9 construits pour surveiller les c\u00f4tes, pour emp\u00eacher un d\u00e9barquement. Du b\u00e9ton coul\u00e9 sur la terre ou parfois dans le sable, ils sont tr\u00e8s solides et difficiles \u00e0 d\u00e9molir.<\/i><\/p>\n<p><i>Aujourd&rsquo;hui ils sont envahis par la mar\u00e9e ou par la v\u00e9g\u00e9tation, le plus souvent.<\/i><\/p>\n<p><a href=\"http:\/\/ecolesainteanne-plouguin.fr\/wp-content\/uploads\/2021\/06\/194698322_2903669279876060_1921642125485365269_n-BIS.jpg\"><img loading=\"lazy\" class=\"alignnone size-medium wp-image-22932\" src=\"http:\/\/ecolesainteanne-plouguin.fr\/wp-content\/uploads\/2021\/06\/194698322_2903669279876060_1921642125485365269_n-BIS-300x150.jpg\" alt=\"\" width=\"300\" height=\"150\" srcset=\"https:\/\/ecolesainteanne-plouguin.fr\/wp-content\/uploads\/2021\/06\/194698322_2903669279876060_1921642125485365269_n-BIS-300x150.jpg 300w, https:\/\/ecolesainteanne-plouguin.fr\/wp-content\/uploads\/2021\/06\/194698322_2903669279876060_1921642125485365269_n-BIS-1024x511.jpg 1024w, https:\/\/ecolesainteanne-plouguin.fr\/wp-content\/uploads\/2021\/06\/194698322_2903669279876060_1921642125485365269_n-BIS-768x384.jpg 768w, https:\/\/ecolesainteanne-plouguin.fr\/wp-content\/uploads\/2021\/06\/194698322_2903669279876060_1921642125485365269_n-BIS-1536x767.jpg 1536w, https:\/\/ecolesainteanne-plouguin.fr\/wp-content\/uploads\/2021\/06\/194698322_2903669279876060_1921642125485365269_n-BIS.jpg 2006w\" sizes=\"(max-width: 300px) 100vw, 300px\" \/><\/a><a href=\"http:\/\/ecolesainteanne-plouguin.fr\/wp-content\/uploads\/2021\/06\/194312246_822403975319150_8734576692733566333_n.jpg\"><img loading=\"lazy\" class=\"alignnone size-medium wp-image-22931\" src=\"http:\/\/ecolesainteanne-plouguin.fr\/wp-content\/uploads\/2021\/06\/194312246_822403975319150_8734576692733566333_n-300x225.jpg\" alt=\"\" width=\"300\" height=\"225\" srcset=\"https:\/\/ecolesainteanne-plouguin.fr\/wp-content\/uploads\/2021\/06\/194312246_822403975319150_8734576692733566333_n-300x225.jpg 300w, https:\/\/ecolesainteanne-plouguin.fr\/wp-content\/uploads\/2021\/06\/194312246_822403975319150_8734576692733566333_n-1024x768.jpg 1024w, https:\/\/ecolesainteanne-plouguin.fr\/wp-content\/uploads\/2021\/06\/194312246_822403975319150_8734576692733566333_n-768x576.jpg 768w, https:\/\/ecolesainteanne-plouguin.fr\/wp-content\/uploads\/2021\/06\/194312246_822403975319150_8734576692733566333_n-1536x1152.jpg 1536w, https:\/\/ecolesainteanne-plouguin.fr\/wp-content\/uploads\/2021\/06\/194312246_822403975319150_8734576692733566333_n.jpg 2048w\" sizes=\"(max-width: 300px) 100vw, 300px\" \/><\/a><\/p>\n","protected":false},"excerpt":{"rendered":"<p>S\u0153ur Marie-Th\u00e9r\u00e8se est religieuse et a \u00e9t\u00e9 enseignante. Nous l&rsquo;avons accueillie avec un grand plaisir pour qu&rsquo;elle nous parle du temps o\u00f9 elle \u00e9tait \u00e9l\u00e8ve dans notre \u00e9cole, c&rsquo;est-\u00e0-dire de 1942 \u00e0 1948. Son d\u00e9but de scolarit\u00e9 a donc \u00e9t\u00e9 v\u00e9cu sous l&rsquo;occupation allemande. Les \u00e9l\u00e8ves de CM1 et CM2 avaient pr\u00e9par\u00e9 beaucoup de questions&#8230;<\/p>\n","protected":false},"author":5,"featured_media":0,"comment_status":"closed","ping_status":"open","sticky":false,"template":"","format":"standard","meta":{"ngg_post_thumbnail":0},"categories":[26],"tags":[],"jetpack_featured_media_url":"","_links":{"self":[{"href":"https:\/\/ecolesainteanne-plouguin.fr\/index.php?rest_route=\/wp\/v2\/posts\/22930"}],"collection":[{"href":"https:\/\/ecolesainteanne-plouguin.fr\/index.php?rest_route=\/wp\/v2\/posts"}],"about":[{"href":"https:\/\/ecolesainteanne-plouguin.fr\/index.php?rest_route=\/wp\/v2\/types\/post"}],"author":[{"embeddable":true,"href":"https:\/\/ecolesainteanne-plouguin.fr\/index.php?rest_route=\/wp\/v2\/users\/5"}],"replies":[{"embeddable":true,"href":"https:\/\/ecolesainteanne-plouguin.fr\/index.php?rest_route=%2Fwp%2Fv2%2Fcomments&post=22930"}],"version-history":[{"count":1,"href":"https:\/\/ecolesainteanne-plouguin.fr\/index.php?rest_route=\/wp\/v2\/posts\/22930\/revisions"}],"predecessor-version":[{"id":22933,"href":"https:\/\/ecolesainteanne-plouguin.fr\/index.php?rest_route=\/wp\/v2\/posts\/22930\/revisions\/22933"}],"wp:attachment":[{"href":"https:\/\/ecolesainteanne-plouguin.fr\/index.php?rest_route=%2Fwp%2Fv2%2Fmedia&parent=22930"}],"wp:term":[{"taxonomy":"category","embeddable":true,"href":"https:\/\/ecolesainteanne-plouguin.fr\/index.php?rest_route=%2Fwp%2Fv2%2Fcategories&post=22930"},{"taxonomy":"post_tag","embeddable":true,"href":"https:\/\/ecolesainteanne-plouguin.fr\/index.php?rest_route=%2Fwp%2Fv2%2Ftags&post=22930"}],"curies":[{"name":"wp","href":"https:\/\/api.w.org\/{rel}","templated":true}]}}