{"id":23527,"date":"2022-07-05T12:53:22","date_gmt":"2022-07-05T10:53:22","guid":{"rendered":"http:\/\/ecolesainteanne-plouguin.fr\/?p=23527"},"modified":"2022-07-06T22:26:04","modified_gmt":"2022-07-06T20:26:04","slug":"journee-a-lile-de-batz","status":"publish","type":"post","link":"https:\/\/ecolesainteanne-plouguin.fr\/?p=23527","title":{"rendered":"Journ\u00e9e \u00e0 l&rsquo;\u00eele de Batz"},"content":{"rendered":"<p class=\"ox-75cc3765e2-msonormal\"><span style=\"font-size: 13.0pt; font-family: 'Arial',sans-serif;\">Vendredi 1<sup>er<\/sup> juillet, ce sont tous les \u00e9l\u00e8ves de l\u2019\u00e9cole Sainte-Anne qui se sont rendus sur l\u2019\u00eele de Batz pour la traditionnelle sortie de fin d\u2019ann\u00e9e. Au programme pour les plus jeunes, d\u00e9couverte du jardin Georges Delaselle et jeux sur la plage&nbsp;; pour les plus grands, rallye photo \u00e0 travers l\u2019\u00eele afin de d\u00e9couvrir tout ce qui fait la beaut\u00e9 de ce lieu.<\/span><\/p>\n<p class=\"ox-75cc3765e2-msonormal\"><span style=\"font-size: 13.0pt; font-family: 'Arial',sans-serif;\">Entre le trajet en car, le passage en bateau et les diff\u00e9rentes activit\u00e9s sur place, nos \u00e9l\u00e8ves et les parents accompagnateurs ont pass\u00e9 une excellente journ\u00e9e qui restera longtemps dans leurs souvenirs.<\/span><\/p>\n<p>Un grand merci \u00e0 tous les parents accompagnateurs qui ont accept\u00e9 de venir avec nous et merci \u00e0 Emmanuelle qui a r\u00e9alis\u00e9 le montage de la vid\u00e9o ci-dessous !<\/p>\n<p>&nbsp;<\/p>\n<figure class=\"wp-block-video\"><video controls src=\"http:\/\/ecolesainteanne-plouguin.fr\/wp-content\/uploads\/2022\/07\/Ile-de-Batz-1.mp4\"><\/video><\/figure>\n","protected":false},"excerpt":{"rendered":"<p>Vendredi 1er juillet, ce sont tous les \u00e9l\u00e8ves de l\u2019\u00e9cole Sainte-Anne qui se sont rendus sur l\u2019\u00eele de Batz pour la traditionnelle sortie de fin d\u2019ann\u00e9e. Au programme pour les plus jeunes, d\u00e9couverte du jardin Georges Delaselle et jeux sur la plage&nbsp;; pour les plus grands, rallye photo \u00e0 travers l\u2019\u00eele afin de d\u00e9couvrir tout&#8230;<\/p>\n","protected":false},"author":5,"featured_media":0,"comment_status":"closed","ping_status":"open","sticky":false,"template":"","format":"standard","meta":{"ngg_post_thumbnail":0},"categories":[1],"tags":[],"jetpack_featured_media_url":"","_links":{"self":[{"href":"https:\/\/ecolesainteanne-plouguin.fr\/index.php?rest_route=\/wp\/v2\/posts\/23527"}],"collection":[{"href":"https:\/\/ecolesainteanne-plouguin.fr\/index.php?rest_route=\/wp\/v2\/posts"}],"about":[{"href":"https:\/\/ecolesainteanne-plouguin.fr\/index.php?rest_route=\/wp\/v2\/types\/post"}],"author":[{"embeddable":true,"href":"https:\/\/ecolesainteanne-plouguin.fr\/index.php?rest_route=\/wp\/v2\/users\/5"}],"replies":[{"embeddable":true,"href":"https:\/\/ecolesainteanne-plouguin.fr\/index.php?rest_route=%2Fwp%2Fv2%2Fcomments&post=23527"}],"version-history":[{"count":6,"href":"https:\/\/ecolesainteanne-plouguin.fr\/index.php?rest_route=\/wp\/v2\/posts\/23527\/revisions"}],"predecessor-version":[{"id":23542,"href":"https:\/\/ecolesainteanne-plouguin.fr\/index.php?rest_route=\/wp\/v2\/posts\/23527\/revisions\/23542"}],"wp:attachment":[{"href":"https:\/\/ecolesainteanne-plouguin.fr\/index.php?rest_route=%2Fwp%2Fv2%2Fmedia&parent=23527"}],"wp:term":[{"taxonomy":"category","embeddable":true,"href":"https:\/\/ecolesainteanne-plouguin.fr\/index.php?rest_route=%2Fwp%2Fv2%2Fcategories&post=23527"},{"taxonomy":"post_tag","embeddable":true,"href":"https:\/\/ecolesainteanne-plouguin.fr\/index.php?rest_route=%2Fwp%2Fv2%2Ftags&post=23527"}],"curies":[{"name":"wp","href":"https:\/\/api.w.org\/{rel}","templated":true}]}}