{"id":23543,"date":"2022-07-08T11:11:12","date_gmt":"2022-07-08T09:11:12","guid":{"rendered":"http:\/\/ecolesainteanne-plouguin.fr\/?p=23543"},"modified":"2022-07-08T11:11:12","modified_gmt":"2022-07-08T09:11:12","slug":"capsule-temporelle-des-cm2-promotion-2021-2022","status":"publish","type":"post","link":"https:\/\/ecolesainteanne-plouguin.fr\/?p=23543","title":{"rendered":"Capsule temporelle des CM2 &#8211; promotion 2021\/2022"},"content":{"rendered":"<p>C&rsquo;est devenu un incontournable de la fin d&rsquo;ann\u00e9e pour les \u00e9l\u00e8ves de CM2. Tout comme les grands oraux, la capsule temporelle est pour eux un marqueur de la fin de l&rsquo;\u00e9cole primaire et du passage au coll\u00e8ge !<br \/>\nChacun a pu y glisser un objet, une photo, un mot&#8230; et nouveaut\u00e9 cette ann\u00e9e, un livret autobiographique r\u00e9dig\u00e9 il y a quelques mois.<\/p>\n<p>Le rendez-vous est donc pris pour juin 2027 !<br \/>\nEt pour la premi\u00e8re fois, nous pouvons annoncer que l&rsquo;an prochain, la premi\u00e8re capsule sera rouverte avec les CM2 de l&rsquo;ann\u00e9e 2017\/2018&#8230; !<\/p>\n<p><a href=\"http:\/\/ecolesainteanne-plouguin.fr\/wp-content\/uploads\/2022\/07\/292240632_606645067471484_6158420722407777905_n.jpg\"><img loading=\"lazy\" class=\"alignnone size-medium wp-image-23546\" src=\"http:\/\/ecolesainteanne-plouguin.fr\/wp-content\/uploads\/2022\/07\/292240632_606645067471484_6158420722407777905_n-300x225.jpg\" alt=\"\" width=\"300\" height=\"225\" srcset=\"https:\/\/ecolesainteanne-plouguin.fr\/wp-content\/uploads\/2022\/07\/292240632_606645067471484_6158420722407777905_n-300x225.jpg 300w, https:\/\/ecolesainteanne-plouguin.fr\/wp-content\/uploads\/2022\/07\/292240632_606645067471484_6158420722407777905_n-1024x768.jpg 1024w, https:\/\/ecolesainteanne-plouguin.fr\/wp-content\/uploads\/2022\/07\/292240632_606645067471484_6158420722407777905_n-768x576.jpg 768w, https:\/\/ecolesainteanne-plouguin.fr\/wp-content\/uploads\/2022\/07\/292240632_606645067471484_6158420722407777905_n-1536x1152.jpg 1536w, https:\/\/ecolesainteanne-plouguin.fr\/wp-content\/uploads\/2022\/07\/292240632_606645067471484_6158420722407777905_n.jpg 2048w\" sizes=\"(max-width: 300px) 100vw, 300px\" \/><\/a><a href=\"http:\/\/ecolesainteanne-plouguin.fr\/wp-content\/uploads\/2022\/07\/292175478_1117960265423869_5829639954672331406_n.jpg\"><img loading=\"lazy\" class=\"alignnone size-medium wp-image-23545\" src=\"http:\/\/ecolesainteanne-plouguin.fr\/wp-content\/uploads\/2022\/07\/292175478_1117960265423869_5829639954672331406_n-300x225.jpg\" alt=\"\" width=\"300\" height=\"225\" srcset=\"https:\/\/ecolesainteanne-plouguin.fr\/wp-content\/uploads\/2022\/07\/292175478_1117960265423869_5829639954672331406_n-300x225.jpg 300w, https:\/\/ecolesainteanne-plouguin.fr\/wp-content\/uploads\/2022\/07\/292175478_1117960265423869_5829639954672331406_n-1024x768.jpg 1024w, https:\/\/ecolesainteanne-plouguin.fr\/wp-content\/uploads\/2022\/07\/292175478_1117960265423869_5829639954672331406_n-768x576.jpg 768w, https:\/\/ecolesainteanne-plouguin.fr\/wp-content\/uploads\/2022\/07\/292175478_1117960265423869_5829639954672331406_n-1536x1152.jpg 1536w, https:\/\/ecolesainteanne-plouguin.fr\/wp-content\/uploads\/2022\/07\/292175478_1117960265423869_5829639954672331406_n.jpg 2048w\" sizes=\"(max-width: 300px) 100vw, 300px\" \/><\/a> <a href=\"http:\/\/ecolesainteanne-plouguin.fr\/wp-content\/uploads\/2022\/07\/292065547_1326526601208513_7818830841614573638_n.jpg\"><img loading=\"lazy\" class=\"alignnone size-medium wp-image-23544\" src=\"http:\/\/ecolesainteanne-plouguin.fr\/wp-content\/uploads\/2022\/07\/292065547_1326526601208513_7818830841614573638_n-300x225.jpg\" alt=\"\" width=\"300\" height=\"225\" srcset=\"https:\/\/ecolesainteanne-plouguin.fr\/wp-content\/uploads\/2022\/07\/292065547_1326526601208513_7818830841614573638_n-300x225.jpg 300w, https:\/\/ecolesainteanne-plouguin.fr\/wp-content\/uploads\/2022\/07\/292065547_1326526601208513_7818830841614573638_n-1024x768.jpg 1024w, https:\/\/ecolesainteanne-plouguin.fr\/wp-content\/uploads\/2022\/07\/292065547_1326526601208513_7818830841614573638_n-768x576.jpg 768w, https:\/\/ecolesainteanne-plouguin.fr\/wp-content\/uploads\/2022\/07\/292065547_1326526601208513_7818830841614573638_n-1536x1152.jpg 1536w, https:\/\/ecolesainteanne-plouguin.fr\/wp-content\/uploads\/2022\/07\/292065547_1326526601208513_7818830841614573638_n.jpg 2048w\" sizes=\"(max-width: 300px) 100vw, 300px\" \/><\/a><a href=\"http:\/\/ecolesainteanne-plouguin.fr\/wp-content\/uploads\/2022\/07\/292285641_746727469697972_6155301657614317854_n.jpg\"><img loading=\"lazy\" class=\"alignnone size-medium wp-image-23547\" src=\"http:\/\/ecolesainteanne-plouguin.fr\/wp-content\/uploads\/2022\/07\/292285641_746727469697972_6155301657614317854_n-300x225.jpg\" alt=\"\" width=\"300\" height=\"225\" srcset=\"https:\/\/ecolesainteanne-plouguin.fr\/wp-content\/uploads\/2022\/07\/292285641_746727469697972_6155301657614317854_n-300x225.jpg 300w, https:\/\/ecolesainteanne-plouguin.fr\/wp-content\/uploads\/2022\/07\/292285641_746727469697972_6155301657614317854_n-1024x768.jpg 1024w, https:\/\/ecolesainteanne-plouguin.fr\/wp-content\/uploads\/2022\/07\/292285641_746727469697972_6155301657614317854_n-768x576.jpg 768w, https:\/\/ecolesainteanne-plouguin.fr\/wp-content\/uploads\/2022\/07\/292285641_746727469697972_6155301657614317854_n-1536x1152.jpg 1536w, https:\/\/ecolesainteanne-plouguin.fr\/wp-content\/uploads\/2022\/07\/292285641_746727469697972_6155301657614317854_n.jpg 2048w\" sizes=\"(max-width: 300px) 100vw, 300px\" \/><\/a><\/p>\n","protected":false},"excerpt":{"rendered":"<p>C&rsquo;est devenu un incontournable de la fin d&rsquo;ann\u00e9e pour les \u00e9l\u00e8ves de CM2. Tout comme les grands oraux, la capsule temporelle est pour eux un marqueur de la fin de l&rsquo;\u00e9cole primaire et du passage au coll\u00e8ge ! Chacun a pu y glisser un objet, une photo, un mot&#8230; et nouveaut\u00e9 cette ann\u00e9e, un livret&#8230;<\/p>\n","protected":false},"author":5,"featured_media":0,"comment_status":"closed","ping_status":"open","sticky":false,"template":"","format":"standard","meta":{"ngg_post_thumbnail":0},"categories":[1],"tags":[],"jetpack_featured_media_url":"","_links":{"self":[{"href":"https:\/\/ecolesainteanne-plouguin.fr\/index.php?rest_route=\/wp\/v2\/posts\/23543"}],"collection":[{"href":"https:\/\/ecolesainteanne-plouguin.fr\/index.php?rest_route=\/wp\/v2\/posts"}],"about":[{"href":"https:\/\/ecolesainteanne-plouguin.fr\/index.php?rest_route=\/wp\/v2\/types\/post"}],"author":[{"embeddable":true,"href":"https:\/\/ecolesainteanne-plouguin.fr\/index.php?rest_route=\/wp\/v2\/users\/5"}],"replies":[{"embeddable":true,"href":"https:\/\/ecolesainteanne-plouguin.fr\/index.php?rest_route=%2Fwp%2Fv2%2Fcomments&post=23543"}],"version-history":[{"count":1,"href":"https:\/\/ecolesainteanne-plouguin.fr\/index.php?rest_route=\/wp\/v2\/posts\/23543\/revisions"}],"predecessor-version":[{"id":23548,"href":"https:\/\/ecolesainteanne-plouguin.fr\/index.php?rest_route=\/wp\/v2\/posts\/23543\/revisions\/23548"}],"wp:attachment":[{"href":"https:\/\/ecolesainteanne-plouguin.fr\/index.php?rest_route=%2Fwp%2Fv2%2Fmedia&parent=23543"}],"wp:term":[{"taxonomy":"category","embeddable":true,"href":"https:\/\/ecolesainteanne-plouguin.fr\/index.php?rest_route=%2Fwp%2Fv2%2Fcategories&post=23543"},{"taxonomy":"post_tag","embeddable":true,"href":"https:\/\/ecolesainteanne-plouguin.fr\/index.php?rest_route=%2Fwp%2Fv2%2Ftags&post=23543"}],"curies":[{"name":"wp","href":"https:\/\/api.w.org\/{rel}","templated":true}]}}